{"id":1535,"date":"2015-02-26T13:10:20","date_gmt":"2015-02-26T12:10:20","guid":{"rendered":"http:\/\/www.moebelshop24.de\/blog\/?p=1535"},"modified":"2025-08-13T14:28:39","modified_gmt":"2025-08-13T12:28:39","slug":"beleuchtung-im-buero-das-richtige-licht-im-buero","status":"publish","type":"post","link":"https:\/\/www.moebelshop24.de\/blog\/raumgestaltung\/beleuchtung-im-buero-das-richtige-licht-im-buero.html","title":{"rendered":"Beleuchtung im B\u00fcro \u2013 das richtige Licht f\u00fcr die B\u00fcroarbeit"},"content":{"rendered":"<div id=\"attachment_1536\" style=\"width: 510px\" class=\"wp-caption alignleft\"><a href=\"https:\/\/www.moebelshop24.de\/blog\/wp-content\/uploads\/2015\/02\/b\u00fcro-dunkel.jpg\"><img loading=\"lazy\" decoding=\"async\" aria-describedby=\"caption-attachment-1536\" class=\"size-full wp-image-1536\" src=\"https:\/\/www.moebelshop24.de\/blog\/wp-content\/uploads\/2015\/02\/b\u00fcro-dunkel.jpg\" alt=\"Beleuchtung im B\u00fcro: Man kann viel falsch machen\" width=\"500\" height=\"333\" srcset=\"https:\/\/www.moebelshop24.de\/blog\/wp-content\/uploads\/2015\/02\/b\u00fcro-dunkel.jpg 500w, https:\/\/www.moebelshop24.de\/blog\/wp-content\/uploads\/2015\/02\/b\u00fcro-dunkel-300x200.jpg 300w, https:\/\/www.moebelshop24.de\/blog\/wp-content\/uploads\/2015\/02\/b\u00fcro-dunkel-420x279.jpg 420w\" sizes=\"auto, (max-width: 500px) 100vw, 500px\" \/><\/a><p id=\"caption-attachment-1536\" class=\"wp-caption-text\"><em>Dunkel, kaum Tageslicht, ungem\u00fctlich: die falsche Beleuchtung im B\u00fcro<\/em><\/p><\/div>\n<p>Die richtige Beleuchtung im B\u00fcro kann Stimmung und Konzentration f\u00f6rdern. Qualit\u00e4t und Zusammensetzung des Lichts spielen eine gro\u00dfe Rolle, um eine f\u00f6rderliche Arbeitsatmosph\u00e4re zu schaffen.<\/p>\n<h2>Beleuchtung im B\u00fcro \u2013 Tageslicht steigert das Leistungsverm\u00f6gen<\/h2>\n<p>Tageslicht ist f\u00fcr den menschlichen Organismus von gro\u00dfer Bedeutung. Vor allem f\u00fcr B\u00fcros ist dies f\u00fcr die richtige Wahl an Beleuchtungsmitteln von gro\u00dfer Bedeutung. Licht f\u00fcr die Arbeit am Schreibtisch und Co. muss also nicht nur hell sein, sondern auch von der Farbqualit\u00e4t \u00fcberzeugen.<br \/>\nBeleuchtung f\u00fcr das B\u00fcro sollte dem Tageslichtspektrum mit seinen Blauanteilen \u00e4hneln und m\u00f6glichst fl\u00e4chig von oben und vorne einfallen. K\u00f6nnen Arbeitnehmer das Licht je nach Bedarf dimmen und anpassen wirkt sich das zus\u00e4tzlich positiv auf die Stimmung aus. Eine Lampe auf dem Schreibtisch kann die Beleuchtung des Raumes erg\u00e4nzen, ersetzt aber keine einheitliche Raumbeleuchtung.<!--more--><\/p>\n<h2>Richtwerte f\u00fcr die Beleuchtung im B\u00fcro<\/h2>\n<div id=\"attachment_1537\" style=\"width: 510px\" class=\"wp-caption alignleft\"><a href=\"https:\/\/www.moebelshop24.de\/blog\/wp-content\/uploads\/2015\/02\/b\u00fcro-hell.jpg\"><img loading=\"lazy\" decoding=\"async\" aria-describedby=\"caption-attachment-1537\" class=\"size-full wp-image-1537\" src=\"https:\/\/www.moebelshop24.de\/blog\/wp-content\/uploads\/2015\/02\/b\u00fcro-hell.jpg\" alt=\"Das Licht im B\u00fcro beeinflusst die Konzentration\" width=\"500\" height=\"291\" srcset=\"https:\/\/www.moebelshop24.de\/blog\/wp-content\/uploads\/2015\/02\/b\u00fcro-hell.jpg 500w, https:\/\/www.moebelshop24.de\/blog\/wp-content\/uploads\/2015\/02\/b\u00fcro-hell-300x175.jpg 300w, https:\/\/www.moebelshop24.de\/blog\/wp-content\/uploads\/2015\/02\/b\u00fcro-hell-420x244.jpg 420w\" sizes=\"auto, (max-width: 500px) 100vw, 500px\" \/><\/a><p id=\"caption-attachment-1537\" class=\"wp-caption-text\"><em>Hell, offen, viele Fenster: So soll Beleuchtung im B\u00fcro aussehen<\/em><\/p><\/div>\n<p>Ergonomisch falsche Beleuchtung kann zu Fehlbeanspruchungen der B\u00fcroarbeiter f\u00fchren, Kopfschmerzen, Nervosit\u00e4t und Erm\u00fcdungserscheinungen k\u00f6nnen die Folge sein. Die Leistungsf\u00e4higkeit von Arbeitnehmern h\u00e4ngt also auch stark von der Beleuchtung der R\u00e4umlichkeiten ab. Deshalb stellt die europ\u00e4ische Norm DIN EN 12464-1 Regelungen und Richtwerte f\u00fcr die Beleuchtung von Bildschirm- und B\u00fcroarbeitspl\u00e4tzen auf. Die europ\u00e4ische Norm hebt vor allem die Wichtigkeit von Tageslicht hervor und warnt ausdr\u00fccklich vor der Sch\u00e4dlichkeit von flimmernden Lichtern und stroboskopischen Effekten.<br \/>\nDie Mindestbeleuchtung im B\u00fcro sollte f\u00fcr einen Arbeitsplatz in Fenstern\u00e4he 300 Lux betragen, f\u00fcr einen B\u00fcroarbeitsplatz mit Bildschirm 500 Lux. Im Gro\u00dfraumb\u00fcro sollte die Beleuchtungsst\u00e4rke 750 Lux betragen (siehe <a href=\" http:\/\/www.zeitblueten.com\/news\/buerobeleuchtung\/\" target=\"_blank\" rel=\"noopener\">http:\/\/www.zeitblueten.com\/news\/buerobeleuchtung\/<\/a>).<br \/>\nDie Bildschirmarbeitsverordnung besagt zus\u00e4tzlich, dass am Fenstern geeignete Lichtschutzvorrichtungen angebracht sein m\u00fcssen. So k\u00f6nnen st\u00f6rende Blendungen durch das Sonnenlicht vermieden werden.<\/p>\n<h2>Biologisch wirksames Licht<\/h2>\n<p>Dynamische Beleuchtungssysteme auf LED-Basis bieten modernste Technik: Mit Hilfe dieser Beleuchtung l\u00e4sst sich das Tageslicht von Sonnenaufgang bis Sonnenuntergang simulieren indem Beleuchtung in unterschiedlicher Lichtfarbe und \u2013intensit\u00e4t gemischt wird. Diese Art von Beleuchtung ist dem nat\u00fcrlichen Tagesrhythmus des Menschen angepasst und soll Produktivit\u00e4t und Konzentration steigern. Biologisch wirksames Licht wird deswegen auch oft bei Winterdepressionen gebraucht (siehe <a href=\"http:\/\/www.ergo-online.de\/site.aspx?url=html\/arbeitsplatz\/arbeitsumgebung_beleuchtung\/vollspektrumbeleuchtung.htm\" target=\"_blank\" rel=\"noopener external nofollow\">hier<\/a>).<\/p>\n<h2>Schlechte Beleuchtung<\/h2>\n<p>Von schlechter Beleuchtung geht man aus, wenn die Beleuchtungsverh\u00e4ltnisse \u00fcber zu wenige Licht, zu helles Licht, zu hohe Kontraste und Blendungen oder Spiegelungen verf\u00fcgen. Um eine optimale Beleuchtung f\u00fcr die B\u00fcror\u00e4umlichkeiten zu w\u00e4hlen, ist es deshalb auch oft ratsam einen sachkundigen Planer zu beauftragen. Raum-Beleuchtung sollte immer gleichm\u00e4\u00dfig sein. Auch Direktblendung sollte m\u00f6glichst vermieden werden.<\/p>\n","protected":false},"excerpt":{"rendered":"<p>Die richtige Beleuchtung im B\u00fcro kann Stimmung und Konzentration f\u00f6rdern. Qualit\u00e4t und Zusammensetzung des Lichts spielen eine gro\u00dfe Rolle, um eine f\u00f6rderliche Arbeitsatmosph\u00e4re zu schaffen. Beleuchtung im B\u00fcro \u2013 Tageslicht steigert das Leistungsverm\u00f6gen Tageslicht ist f\u00fcr den menschlichen Organismus von &hellip; <a href=\"https:\/\/www.moebelshop24.de\/blog\/raumgestaltung\/beleuchtung-im-buero-das-richtige-licht-im-buero.html\">Continue reading <span class=\"meta-nav\">&rarr;<\/span><\/a><\/p>\n","protected":false},"author":1,"featured_media":1536,"comment_status":"open","ping_status":"open","sticky":false,"template":"","format":"standard","meta":{"_acf_changed":false,"ngg_post_thumbnail":0,"footnotes":"","_links_to":"","_links_to_target":""},"categories":[4],"tags":[34],"class_list":["post-1535","post","type-post","status-publish","format-standard","has-post-thumbnail","hentry","category-raumgestaltung","tag-beleuchtung-im-buro"],"acf":[],"yoast_head":"<!-- This site is optimized with the Yoast SEO plugin v26.5 - https:\/\/yoast.com\/wordpress\/plugins\/seo\/ -->\n<title>Beleuchtung im B\u00fcro \u2013 das richtige Licht f\u00fcr die B\u00fcroarbeit<\/title>\n<meta name=\"description\" content=\"Was geh\u00f6rt zur richtigen Beleuchtung im B\u00fcro? Tageslicht ist ein wichtiger Faktor f\u00fcr das richtige Licht im B\u00fcro. Mit unseren Tipps zu mehr Konzentration.\" \/>\n<meta name=\"robots\" content=\"index, follow, max-snippet:-1, max-image-preview:large, max-video-preview:-1\" \/>\n<link rel=\"canonical\" href=\"https:\/\/www.moebelshop24.de\/blog\/raumgestaltung\/beleuchtung-im-buero-das-richtige-licht-im-buero.html\" \/>\n<meta property=\"og:locale\" content=\"de_DE\" \/>\n<meta property=\"og:type\" content=\"article\" \/>\n<meta property=\"og:title\" content=\"Beleuchtung im B\u00fcro \u2013 das richtige Licht f\u00fcr die B\u00fcroarbeit\" \/>\n<meta property=\"og:description\" content=\"Was geh\u00f6rt zur richtigen Beleuchtung im B\u00fcro? Tageslicht ist ein wichtiger Faktor f\u00fcr das richtige Licht im B\u00fcro. Mit unseren Tipps zu mehr Konzentration.\" \/>\n<meta property=\"og:url\" content=\"https:\/\/www.moebelshop24.de\/blog\/raumgestaltung\/beleuchtung-im-buero-das-richtige-licht-im-buero.html\" \/>\n<meta property=\"og:site_name\" content=\"Ratgeber f\u00fcr B\u00fcrom\u00f6bel und B\u00fcroeinrichtung\" \/>\n<meta property=\"article:published_time\" content=\"2015-02-26T12:10:20+00:00\" \/>\n<meta property=\"article:modified_time\" content=\"2025-08-13T12:28:39+00:00\" \/>\n<meta property=\"og:image\" content=\"https:\/\/www.moebelshop24.de\/blog\/wp-content\/uploads\/2015\/02\/b\u00fcro-dunkel.jpg\" \/>\n\t<meta property=\"og:image:width\" content=\"500\" \/>\n\t<meta property=\"og:image:height\" content=\"333\" \/>\n\t<meta property=\"og:image:type\" content=\"image\/jpeg\" \/>\n<meta name=\"author\" content=\"admin\" \/>\n<meta name=\"twitter:label1\" content=\"Verfasst von\" \/>\n\t<meta name=\"twitter:data1\" content=\"admin\" \/>\n\t<meta name=\"twitter:label2\" content=\"Gesch\u00e4tzte Lesezeit\" \/>\n\t<meta name=\"twitter:data2\" content=\"3\u00a0Minuten\" \/>\n<script type=\"application\/ld+json\" class=\"yoast-schema-graph\">{\"@context\":\"https:\/\/schema.org\",\"@graph\":[{\"@type\":\"Article\",\"@id\":\"https:\/\/www.moebelshop24.de\/blog\/raumgestaltung\/beleuchtung-im-buero-das-richtige-licht-im-buero.html#article\",\"isPartOf\":{\"@id\":\"https:\/\/www.moebelshop24.de\/blog\/raumgestaltung\/beleuchtung-im-buero-das-richtige-licht-im-buero.html\"},\"author\":{\"name\":\"admin\",\"@id\":\"https:\/\/www.moebelshop24.de\/blog\/#\/schema\/person\/4546c67d186b13545fbe8b6bf68bcfa0\"},\"headline\":\"Beleuchtung im B\u00fcro \u2013 das richtige Licht f\u00fcr die B\u00fcroarbeit\",\"datePublished\":\"2015-02-26T12:10:20+00:00\",\"dateModified\":\"2025-08-13T12:28:39+00:00\",\"mainEntityOfPage\":{\"@id\":\"https:\/\/www.moebelshop24.de\/blog\/raumgestaltung\/beleuchtung-im-buero-das-richtige-licht-im-buero.html\"},\"wordCount\":492,\"commentCount\":6,\"publisher\":{\"@id\":\"https:\/\/www.moebelshop24.de\/blog\/#organization\"},\"image\":{\"@id\":\"https:\/\/www.moebelshop24.de\/blog\/raumgestaltung\/beleuchtung-im-buero-das-richtige-licht-im-buero.html#primaryimage\"},\"thumbnailUrl\":\"https:\/\/www.moebelshop24.de\/blog\/wp-content\/uploads\/2015\/02\/b\u00fcro-dunkel.jpg\",\"keywords\":[\"Beleuchtung im b\u00fcro\"],\"articleSection\":[\"Raumgestaltung\"],\"inLanguage\":\"de\",\"potentialAction\":[{\"@type\":\"CommentAction\",\"name\":\"Comment\",\"target\":[\"https:\/\/www.moebelshop24.de\/blog\/raumgestaltung\/beleuchtung-im-buero-das-richtige-licht-im-buero.html#respond\"]}]},{\"@type\":\"WebPage\",\"@id\":\"https:\/\/www.moebelshop24.de\/blog\/raumgestaltung\/beleuchtung-im-buero-das-richtige-licht-im-buero.html\",\"url\":\"https:\/\/www.moebelshop24.de\/blog\/raumgestaltung\/beleuchtung-im-buero-das-richtige-licht-im-buero.html\",\"name\":\"Beleuchtung im B\u00fcro \u2013 das richtige Licht f\u00fcr die B\u00fcroarbeit\",\"isPartOf\":{\"@id\":\"https:\/\/www.moebelshop24.de\/blog\/#website\"},\"primaryImageOfPage\":{\"@id\":\"https:\/\/www.moebelshop24.de\/blog\/raumgestaltung\/beleuchtung-im-buero-das-richtige-licht-im-buero.html#primaryimage\"},\"image\":{\"@id\":\"https:\/\/www.moebelshop24.de\/blog\/raumgestaltung\/beleuchtung-im-buero-das-richtige-licht-im-buero.html#primaryimage\"},\"thumbnailUrl\":\"https:\/\/www.moebelshop24.de\/blog\/wp-content\/uploads\/2015\/02\/b\u00fcro-dunkel.jpg\",\"datePublished\":\"2015-02-26T12:10:20+00:00\",\"dateModified\":\"2025-08-13T12:28:39+00:00\",\"description\":\"Was geh\u00f6rt zur richtigen Beleuchtung im B\u00fcro? Tageslicht ist ein wichtiger Faktor f\u00fcr das richtige Licht im B\u00fcro. Mit unseren Tipps zu mehr Konzentration.\",\"breadcrumb\":{\"@id\":\"https:\/\/www.moebelshop24.de\/blog\/raumgestaltung\/beleuchtung-im-buero-das-richtige-licht-im-buero.html#breadcrumb\"},\"inLanguage\":\"de\",\"potentialAction\":[{\"@type\":\"ReadAction\",\"target\":[\"https:\/\/www.moebelshop24.de\/blog\/raumgestaltung\/beleuchtung-im-buero-das-richtige-licht-im-buero.html\"]}]},{\"@type\":\"ImageObject\",\"inLanguage\":\"de\",\"@id\":\"https:\/\/www.moebelshop24.de\/blog\/raumgestaltung\/beleuchtung-im-buero-das-richtige-licht-im-buero.html#primaryimage\",\"url\":\"https:\/\/www.moebelshop24.de\/blog\/wp-content\/uploads\/2015\/02\/b\u00fcro-dunkel.jpg\",\"contentUrl\":\"https:\/\/www.moebelshop24.de\/blog\/wp-content\/uploads\/2015\/02\/b\u00fcro-dunkel.jpg\",\"width\":500,\"height\":333,\"caption\":\"Dunkel, kaum Tageslicht, ungem\u00fctlich: die falsche Beleuchtung im B\u00fcro\"},{\"@type\":\"BreadcrumbList\",\"@id\":\"https:\/\/www.moebelshop24.de\/blog\/raumgestaltung\/beleuchtung-im-buero-das-richtige-licht-im-buero.html#breadcrumb\",\"itemListElement\":[{\"@type\":\"ListItem\",\"position\":1,\"name\":\"Blog\",\"item\":\"https:\/\/www.moebelshop24.de\/blog\/\"},{\"@type\":\"ListItem\",\"position\":2,\"name\":\"Raumgestaltung\",\"item\":\"https:\/\/www.moebelshop24.de\/blog\/raumgestaltung\"},{\"@type\":\"ListItem\",\"position\":3,\"name\":\"Beleuchtung im B\u00fcro \u2013 das richtige Licht f\u00fcr die B\u00fcroarbeit\"}]},{\"@type\":\"WebSite\",\"@id\":\"https:\/\/www.moebelshop24.de\/blog\/#website\",\"url\":\"https:\/\/www.moebelshop24.de\/blog\/\",\"name\":\"Ratgeber f\u00fcr B\u00fcrom\u00f6bel und B\u00fcroeinrichtung\",\"description\":\"Wissenswertes und Unterhaltsames rund um den ganz normalen B\u00fcrowahnsinn, effektive B\u00fcroarbeit und Tipps f\u00fcr die B\u00fcroeinrichtung.\",\"publisher\":{\"@id\":\"https:\/\/www.moebelshop24.de\/blog\/#organization\"},\"potentialAction\":[{\"@type\":\"SearchAction\",\"target\":{\"@type\":\"EntryPoint\",\"urlTemplate\":\"https:\/\/www.moebelshop24.de\/blog\/?s={search_term_string}\"},\"query-input\":{\"@type\":\"PropertyValueSpecification\",\"valueRequired\":true,\"valueName\":\"search_term_string\"}}],\"inLanguage\":\"de\"},{\"@type\":\"Organization\",\"@id\":\"https:\/\/www.moebelshop24.de\/blog\/#organization\",\"name\":\"Moebelshop24 GmbH & Co.KG\",\"url\":\"https:\/\/www.moebelshop24.de\/blog\/\",\"logo\":{\"@type\":\"ImageObject\",\"inLanguage\":\"de\",\"@id\":\"https:\/\/www.moebelshop24.de\/blog\/#\/schema\/logo\/image\/\",\"url\":\"https:\/\/www.moebelshop24.de\/blog\/wp-content\/uploads\/2016\/02\/logo-moebelshop-242-136.png\",\"contentUrl\":\"https:\/\/www.moebelshop24.de\/blog\/wp-content\/uploads\/2016\/02\/logo-moebelshop-242-136.png\",\"width\":242,\"height\":136,\"caption\":\"Moebelshop24 GmbH & Co.KG\"},\"image\":{\"@id\":\"https:\/\/www.moebelshop24.de\/blog\/#\/schema\/logo\/image\/\"}},{\"@type\":\"Person\",\"@id\":\"https:\/\/www.moebelshop24.de\/blog\/#\/schema\/person\/4546c67d186b13545fbe8b6bf68bcfa0\",\"name\":\"admin\"}]}<\/script>\n<!-- \/ Yoast SEO plugin. -->","yoast_head_json":{"title":"Beleuchtung im B\u00fcro \u2013 das richtige Licht f\u00fcr die B\u00fcroarbeit","description":"Was geh\u00f6rt zur richtigen Beleuchtung im B\u00fcro? Tageslicht ist ein wichtiger Faktor f\u00fcr das richtige Licht im B\u00fcro. Mit unseren Tipps zu mehr Konzentration.","robots":{"index":"index","follow":"follow","max-snippet":"max-snippet:-1","max-image-preview":"max-image-preview:large","max-video-preview":"max-video-preview:-1"},"canonical":"https:\/\/www.moebelshop24.de\/blog\/raumgestaltung\/beleuchtung-im-buero-das-richtige-licht-im-buero.html","og_locale":"de_DE","og_type":"article","og_title":"Beleuchtung im B\u00fcro \u2013 das richtige Licht f\u00fcr die B\u00fcroarbeit","og_description":"Was geh\u00f6rt zur richtigen Beleuchtung im B\u00fcro? Tageslicht ist ein wichtiger Faktor f\u00fcr das richtige Licht im B\u00fcro. Mit unseren Tipps zu mehr Konzentration.","og_url":"https:\/\/www.moebelshop24.de\/blog\/raumgestaltung\/beleuchtung-im-buero-das-richtige-licht-im-buero.html","og_site_name":"Ratgeber f\u00fcr B\u00fcrom\u00f6bel und B\u00fcroeinrichtung","article_published_time":"2015-02-26T12:10:20+00:00","article_modified_time":"2025-08-13T12:28:39+00:00","og_image":[{"width":500,"height":333,"url":"https:\/\/www.moebelshop24.de\/blog\/wp-content\/uploads\/2015\/02\/b\u00fcro-dunkel.jpg","type":"image\/jpeg"}],"author":"admin","twitter_misc":{"Verfasst von":"admin","Gesch\u00e4tzte Lesezeit":"3\u00a0Minuten"},"schema":{"@context":"https:\/\/schema.org","@graph":[{"@type":"Article","@id":"https:\/\/www.moebelshop24.de\/blog\/raumgestaltung\/beleuchtung-im-buero-das-richtige-licht-im-buero.html#article","isPartOf":{"@id":"https:\/\/www.moebelshop24.de\/blog\/raumgestaltung\/beleuchtung-im-buero-das-richtige-licht-im-buero.html"},"author":{"name":"admin","@id":"https:\/\/www.moebelshop24.de\/blog\/#\/schema\/person\/4546c67d186b13545fbe8b6bf68bcfa0"},"headline":"Beleuchtung im B\u00fcro \u2013 das richtige Licht f\u00fcr die B\u00fcroarbeit","datePublished":"2015-02-26T12:10:20+00:00","dateModified":"2025-08-13T12:28:39+00:00","mainEntityOfPage":{"@id":"https:\/\/www.moebelshop24.de\/blog\/raumgestaltung\/beleuchtung-im-buero-das-richtige-licht-im-buero.html"},"wordCount":492,"commentCount":6,"publisher":{"@id":"https:\/\/www.moebelshop24.de\/blog\/#organization"},"image":{"@id":"https:\/\/www.moebelshop24.de\/blog\/raumgestaltung\/beleuchtung-im-buero-das-richtige-licht-im-buero.html#primaryimage"},"thumbnailUrl":"https:\/\/www.moebelshop24.de\/blog\/wp-content\/uploads\/2015\/02\/b\u00fcro-dunkel.jpg","keywords":["Beleuchtung im b\u00fcro"],"articleSection":["Raumgestaltung"],"inLanguage":"de","potentialAction":[{"@type":"CommentAction","name":"Comment","target":["https:\/\/www.moebelshop24.de\/blog\/raumgestaltung\/beleuchtung-im-buero-das-richtige-licht-im-buero.html#respond"]}]},{"@type":"WebPage","@id":"https:\/\/www.moebelshop24.de\/blog\/raumgestaltung\/beleuchtung-im-buero-das-richtige-licht-im-buero.html","url":"https:\/\/www.moebelshop24.de\/blog\/raumgestaltung\/beleuchtung-im-buero-das-richtige-licht-im-buero.html","name":"Beleuchtung im B\u00fcro \u2013 das richtige Licht f\u00fcr die B\u00fcroarbeit","isPartOf":{"@id":"https:\/\/www.moebelshop24.de\/blog\/#website"},"primaryImageOfPage":{"@id":"https:\/\/www.moebelshop24.de\/blog\/raumgestaltung\/beleuchtung-im-buero-das-richtige-licht-im-buero.html#primaryimage"},"image":{"@id":"https:\/\/www.moebelshop24.de\/blog\/raumgestaltung\/beleuchtung-im-buero-das-richtige-licht-im-buero.html#primaryimage"},"thumbnailUrl":"https:\/\/www.moebelshop24.de\/blog\/wp-content\/uploads\/2015\/02\/b\u00fcro-dunkel.jpg","datePublished":"2015-02-26T12:10:20+00:00","dateModified":"2025-08-13T12:28:39+00:00","description":"Was geh\u00f6rt zur richtigen Beleuchtung im B\u00fcro? Tageslicht ist ein wichtiger Faktor f\u00fcr das richtige Licht im B\u00fcro. Mit unseren Tipps zu mehr Konzentration.","breadcrumb":{"@id":"https:\/\/www.moebelshop24.de\/blog\/raumgestaltung\/beleuchtung-im-buero-das-richtige-licht-im-buero.html#breadcrumb"},"inLanguage":"de","potentialAction":[{"@type":"ReadAction","target":["https:\/\/www.moebelshop24.de\/blog\/raumgestaltung\/beleuchtung-im-buero-das-richtige-licht-im-buero.html"]}]},{"@type":"ImageObject","inLanguage":"de","@id":"https:\/\/www.moebelshop24.de\/blog\/raumgestaltung\/beleuchtung-im-buero-das-richtige-licht-im-buero.html#primaryimage","url":"https:\/\/www.moebelshop24.de\/blog\/wp-content\/uploads\/2015\/02\/b\u00fcro-dunkel.jpg","contentUrl":"https:\/\/www.moebelshop24.de\/blog\/wp-content\/uploads\/2015\/02\/b\u00fcro-dunkel.jpg","width":500,"height":333,"caption":"Dunkel, kaum Tageslicht, ungem\u00fctlich: die falsche Beleuchtung im B\u00fcro"},{"@type":"BreadcrumbList","@id":"https:\/\/www.moebelshop24.de\/blog\/raumgestaltung\/beleuchtung-im-buero-das-richtige-licht-im-buero.html#breadcrumb","itemListElement":[{"@type":"ListItem","position":1,"name":"Blog","item":"https:\/\/www.moebelshop24.de\/blog\/"},{"@type":"ListItem","position":2,"name":"Raumgestaltung","item":"https:\/\/www.moebelshop24.de\/blog\/raumgestaltung"},{"@type":"ListItem","position":3,"name":"Beleuchtung im B\u00fcro \u2013 das richtige Licht f\u00fcr die B\u00fcroarbeit"}]},{"@type":"WebSite","@id":"https:\/\/www.moebelshop24.de\/blog\/#website","url":"https:\/\/www.moebelshop24.de\/blog\/","name":"Ratgeber f\u00fcr B\u00fcrom\u00f6bel und B\u00fcroeinrichtung","description":"Wissenswertes und Unterhaltsames rund um den ganz normalen B\u00fcrowahnsinn, effektive B\u00fcroarbeit und Tipps f\u00fcr die B\u00fcroeinrichtung.","publisher":{"@id":"https:\/\/www.moebelshop24.de\/blog\/#organization"},"potentialAction":[{"@type":"SearchAction","target":{"@type":"EntryPoint","urlTemplate":"https:\/\/www.moebelshop24.de\/blog\/?s={search_term_string}"},"query-input":{"@type":"PropertyValueSpecification","valueRequired":true,"valueName":"search_term_string"}}],"inLanguage":"de"},{"@type":"Organization","@id":"https:\/\/www.moebelshop24.de\/blog\/#organization","name":"Moebelshop24 GmbH & Co.KG","url":"https:\/\/www.moebelshop24.de\/blog\/","logo":{"@type":"ImageObject","inLanguage":"de","@id":"https:\/\/www.moebelshop24.de\/blog\/#\/schema\/logo\/image\/","url":"https:\/\/www.moebelshop24.de\/blog\/wp-content\/uploads\/2016\/02\/logo-moebelshop-242-136.png","contentUrl":"https:\/\/www.moebelshop24.de\/blog\/wp-content\/uploads\/2016\/02\/logo-moebelshop-242-136.png","width":242,"height":136,"caption":"Moebelshop24 GmbH & Co.KG"},"image":{"@id":"https:\/\/www.moebelshop24.de\/blog\/#\/schema\/logo\/image\/"}},{"@type":"Person","@id":"https:\/\/www.moebelshop24.de\/blog\/#\/schema\/person\/4546c67d186b13545fbe8b6bf68bcfa0","name":"admin"}]}},"_links":{"self":[{"href":"https:\/\/www.moebelshop24.de\/blog\/wp-json\/wp\/v2\/posts\/1535","targetHints":{"allow":["GET"]}}],"collection":[{"href":"https:\/\/www.moebelshop24.de\/blog\/wp-json\/wp\/v2\/posts"}],"about":[{"href":"https:\/\/www.moebelshop24.de\/blog\/wp-json\/wp\/v2\/types\/post"}],"author":[{"embeddable":true,"href":"https:\/\/www.moebelshop24.de\/blog\/wp-json\/wp\/v2\/users\/1"}],"replies":[{"embeddable":true,"href":"https:\/\/www.moebelshop24.de\/blog\/wp-json\/wp\/v2\/comments?post=1535"}],"version-history":[{"count":2,"href":"https:\/\/www.moebelshop24.de\/blog\/wp-json\/wp\/v2\/posts\/1535\/revisions"}],"predecessor-version":[{"id":4761,"href":"https:\/\/www.moebelshop24.de\/blog\/wp-json\/wp\/v2\/posts\/1535\/revisions\/4761"}],"wp:featuredmedia":[{"embeddable":true,"href":"https:\/\/www.moebelshop24.de\/blog\/wp-json\/wp\/v2\/media\/1536"}],"wp:attachment":[{"href":"https:\/\/www.moebelshop24.de\/blog\/wp-json\/wp\/v2\/media?parent=1535"}],"wp:term":[{"taxonomy":"category","embeddable":true,"href":"https:\/\/www.moebelshop24.de\/blog\/wp-json\/wp\/v2\/categories?post=1535"},{"taxonomy":"post_tag","embeddable":true,"href":"https:\/\/www.moebelshop24.de\/blog\/wp-json\/wp\/v2\/tags?post=1535"}],"curies":[{"name":"wp","href":"https:\/\/api.w.org\/{rel}","templated":true}]}}