{"id":1539,"date":"2015-03-04T15:20:58","date_gmt":"2015-03-04T14:20:58","guid":{"rendered":"http:\/\/www.moebelshop24.de\/blog\/?p=1539"},"modified":"2019-02-07T11:45:23","modified_gmt":"2019-02-07T10:45:23","slug":"laerm-im-buero-akustik-im-buero-und-es-zu-beachten-gibt","status":"publish","type":"post","link":"https:\/\/www.moebelshop24.de\/blog\/raumgestaltung\/laerm-im-buero-akustik-im-buero-und-es-zu-beachten-gibt.html","title":{"rendered":"L\u00e4rm im B\u00fcro: Akustik im B\u00fcro und was es zu beachten gibt"},"content":{"rendered":"<div id=\"attachment_1540\" style=\"width: 510px\" class=\"wp-caption alignleft\"><a href=\"https:\/\/www.moebelshop24.de\/blog\/wp-content\/uploads\/2015\/02\/buero-laerm.jpg\"><img loading=\"lazy\" decoding=\"async\" aria-describedby=\"caption-attachment-1540\" class=\"size-full wp-image-1540\" src=\"https:\/\/www.moebelshop24.de\/blog\/wp-content\/uploads\/2015\/02\/buero-laerm.jpg\" alt=\"Das k\u00f6nnen Sie tun, um die Akustik im B\u00fcro zu verbessern\" width=\"500\" height=\"390\" srcset=\"https:\/\/www.moebelshop24.de\/blog\/wp-content\/uploads\/2015\/02\/buero-laerm.jpg 500w, https:\/\/www.moebelshop24.de\/blog\/wp-content\/uploads\/2015\/02\/buero-laerm-300x234.jpg 300w, https:\/\/www.moebelshop24.de\/blog\/wp-content\/uploads\/2015\/02\/buero-laerm-358x279.jpg 358w\" sizes=\"auto, (max-width: 500px) 100vw, 500px\" \/><\/a><p id=\"caption-attachment-1540\" class=\"wp-caption-text\"><em>L\u00e4rm im B\u00fcro kann zu einer gro\u00dfen Belastung werden<\/em><\/p><\/div>\n<p>Wer kennt es nicht, vor allem, wenn man sich mit Kollegen zusammen ein B\u00fcro teilen muss, k\u00f6nnen Ger\u00e4usche, L\u00e4rm und Gespr\u00e4che leicht zum Konzentrationskiller werden. L\u00e4rm verursacht Stress, st\u00f6rt die Konzentration und reduziert die Leistungsf\u00e4higkeit. Nun ist es nat\u00fcrlich keine L\u00f6sung den Kollegen den Mund zu verbieten, sich Ohrst\u00f6psel in die Ohren zu stecken oder einfach aufzugeben, aber keine Angst, es gibt auch andere M\u00f6glichkeiten den L\u00e4rm im B\u00fcro zu mindern und die Akustik zu verbessern.<!--more--><\/p>\n<h2>L\u00e4rmquellen identifizieren<\/h2>\n<p>Zur L\u00e4rmreduzierung ist es zuerst einmal wichtig L\u00e4rmquellen zu identifizieren, um sie danach beseitigen zu k\u00f6nnen. Elektrische Ger\u00e4te k\u00f6nnen zum Beispiel eine Quelle von unn\u00f6tigem L\u00e4rm sein. Vor allem Drucker, Scanner oder Faxger\u00e4te sind hier besonders laut. Dies k\u00f6nnte ein Indiz daf\u00fcr sein, beim Chef den Kauf von neuen elektronischen Ger\u00e4ten anzuregen, da Ger\u00e4te, die sehr laut sind oft auch sehr viel unn\u00f6tige Energie verbrauchen. Meist lassen sich bei elektronischen Ger\u00e4ten Angaben zur Ger\u00e4uschabgabe finden, diese sollten beachtet und l\u00e4rmarme Produkte bevorzugt werden. Der \u201e<a href=\"http:\/\/www.bmub.bund.de\/themen\/wirtschaft-produkte-ressourcen\/produkte-und-umwelt\/blauer-engel\/\" rel=\"external nofollow\">Blaue Umweltengel<\/a>\u201c postuliert eine maximale Ger\u00e4uschbelastung von Ger\u00e4ten im Leerlauf von 48 dB (A). Produkte, die mit dem \u201eBlauen Umweltengel\u201c gekennzeichnet sind, sollten diesen Wert nicht \u00fcberschreiten. Eine andere M\u00f6glichkeit ist, laute Ger\u00e4te wie Kopierer oder Drucker in einem separaten Raum zu verstauen.<\/p>\n<p>Gegen l\u00e4rmende Kollegen hilft zuallererst ausreichend Platz. Zwischen den Arbeitspl\u00e4tzen sollte genug Platz vorhanden sein, damit Kollegen sich nicht gegenseitig ablenken k\u00f6nnen. Um eine bessere Arbeitsatmosph\u00e4re zu schaffen, k\u00f6nnen Regale und Aktenschr\u00e4nke zur Trennung von Arbeitspl\u00e4tzen benutzt werden. Diese helfen nicht nur dabei die R\u00e4umlichkeiten zu trennen und etwas Privatsph\u00e4re f\u00fcr die Mitarbeiter zu schaffen, sondern wirkt auch l\u00e4rmd\u00e4mmend und tr\u00e4gt zu einer besseren Akustik im B\u00fcro bei. Zus\u00e4tzlich k\u00f6nnen B\u00fcropflanzen als Raumtrenner verwendet werden. Auch sie wirken sich positiv auf die Raumakustik aus und absorbieren L\u00e4rm. Um eine optimale Raumakustik zu schaffen kann sich auch die Installation von Akustikdecken im Trockenbau eignen.<\/p>\n<p>Ein wichtiger Faktor in Sachen L\u00e4rmd\u00e4mmung sind l\u00e4rmd\u00e4mmende Materialien. Im Unterschied zu harten Fu\u00dfb\u00f6den, wirken Teppich- und Kunststoffb\u00f6den schallabsorbierend. Ist der Fu\u00dfbodenbelag im B\u00fcro ung\u00fcnstig gew\u00e4hlt, kann mit L\u00e4ufern oder auch Bodenschutzmatten etwas nachgeholfen werden.<br \/>\nUm den Ger\u00e4uschpegel zus\u00e4tzlich zu reduzieren und die anderen Mitarbeiter nicht mit Gespr\u00e4chen abzulenken, sollten Meetingpoints oder Konferenzs\u00e4le f\u00fcr Gespr\u00e4che eingef\u00fchrt werden.<\/p>\n<h2>Grenzwerte f\u00fcr die L\u00e4rmbelastung<\/h2>\n<p>F\u00fcr den L\u00e4rmpegel am Arbeitsplatz gibt es verschiedene Richtwerte. Zusammenfassend l\u00e4sst sich sagen, je mehr Konzentration ein Arbeitsbereich fordert, je ruhiger muss es sein. <a href=\"http:\/\/www.ergo-online.de\/site.aspx?url=html\/arbeitsplatz\/arbeitsumgebung_beleuchtung\/laerm.htm\" target=\"_blank\" rel=\"noopener noreferrer external nofollow\">In Mehrpersonenb\u00fcros ist ein Schalldruckpegel von 35-45 dB (A) zu empfehlen<\/a>.<\/p>\n","protected":false},"excerpt":{"rendered":"<p>Wer kennt es nicht, vor allem, wenn man sich mit Kollegen zusammen ein B\u00fcro teilen muss, k\u00f6nnen Ger\u00e4usche, L\u00e4rm und Gespr\u00e4che leicht zum Konzentrationskiller werden. L\u00e4rm verursacht Stress, st\u00f6rt die Konzentration und reduziert die Leistungsf\u00e4higkeit. Nun ist es nat\u00fcrlich keine &hellip; <a href=\"https:\/\/www.moebelshop24.de\/blog\/raumgestaltung\/laerm-im-buero-akustik-im-buero-und-es-zu-beachten-gibt.html\">Continue reading <span class=\"meta-nav\">&rarr;<\/span><\/a><\/p>\n","protected":false},"author":1,"featured_media":1540,"comment_status":"open","ping_status":"open","sticky":false,"template":"","format":"standard","meta":{"_acf_changed":false,"ngg_post_thumbnail":0,"footnotes":"","_links_to":"","_links_to_target":""},"categories":[4],"tags":[],"class_list":["post-1539","post","type-post","status-publish","format-standard","has-post-thumbnail","hentry","category-raumgestaltung"],"acf":[],"yoast_head":"<!-- This site is optimized with the Yoast SEO plugin v26.5 - https:\/\/yoast.com\/wordpress\/plugins\/seo\/ -->\n<title>L\u00e4rm im B\u00fcro: Akustik im B\u00fcro und was es zu beachten gibt<\/title>\n<meta name=\"description\" content=\"L\u00e4rm im B\u00fcro kann die Leistungsqualit\u00e4t mindern und die Konzentration schw\u00e4chen. Was Sie f\u00fcr eine gute Akustik im B\u00fcro zu k\u00f6nnen, erfahren Sie im Weiteren.\" \/>\n<meta name=\"robots\" content=\"index, follow, max-snippet:-1, max-image-preview:large, max-video-preview:-1\" \/>\n<link rel=\"canonical\" href=\"https:\/\/www.moebelshop24.de\/blog\/raumgestaltung\/laerm-im-buero-akustik-im-buero-und-es-zu-beachten-gibt.html\" \/>\n<meta property=\"og:locale\" content=\"de_DE\" \/>\n<meta property=\"og:type\" content=\"article\" \/>\n<meta property=\"og:title\" content=\"L\u00e4rm im B\u00fcro: Akustik im B\u00fcro und was es zu beachten gibt\" \/>\n<meta property=\"og:description\" content=\"L\u00e4rm im B\u00fcro kann die Leistungsqualit\u00e4t mindern und die Konzentration schw\u00e4chen. Was Sie f\u00fcr eine gute Akustik im B\u00fcro zu k\u00f6nnen, erfahren Sie im Weiteren.\" \/>\n<meta property=\"og:url\" content=\"https:\/\/www.moebelshop24.de\/blog\/raumgestaltung\/laerm-im-buero-akustik-im-buero-und-es-zu-beachten-gibt.html\" \/>\n<meta property=\"og:site_name\" content=\"Ratgeber f\u00fcr B\u00fcrom\u00f6bel und B\u00fcroeinrichtung\" \/>\n<meta property=\"article:published_time\" content=\"2015-03-04T14:20:58+00:00\" \/>\n<meta property=\"article:modified_time\" content=\"2019-02-07T10:45:23+00:00\" \/>\n<meta property=\"og:image\" content=\"https:\/\/www.moebelshop24.de\/blog\/wp-content\/uploads\/2015\/02\/buero-laerm.jpg\" \/>\n\t<meta property=\"og:image:width\" content=\"500\" \/>\n\t<meta property=\"og:image:height\" content=\"390\" \/>\n\t<meta property=\"og:image:type\" content=\"image\/jpeg\" \/>\n<meta name=\"author\" content=\"admin\" \/>\n<meta name=\"twitter:label1\" content=\"Verfasst von\" \/>\n\t<meta name=\"twitter:data1\" content=\"admin\" \/>\n\t<meta name=\"twitter:label2\" content=\"Gesch\u00e4tzte Lesezeit\" \/>\n\t<meta name=\"twitter:data2\" content=\"3\u00a0Minuten\" \/>\n<script type=\"application\/ld+json\" class=\"yoast-schema-graph\">{\"@context\":\"https:\/\/schema.org\",\"@graph\":[{\"@type\":\"Article\",\"@id\":\"https:\/\/www.moebelshop24.de\/blog\/raumgestaltung\/laerm-im-buero-akustik-im-buero-und-es-zu-beachten-gibt.html#article\",\"isPartOf\":{\"@id\":\"https:\/\/www.moebelshop24.de\/blog\/raumgestaltung\/laerm-im-buero-akustik-im-buero-und-es-zu-beachten-gibt.html\"},\"author\":{\"name\":\"admin\",\"@id\":\"https:\/\/www.moebelshop24.de\/blog\/#\/schema\/person\/4546c67d186b13545fbe8b6bf68bcfa0\"},\"headline\":\"L\u00e4rm im B\u00fcro: Akustik im B\u00fcro und was es zu beachten gibt\",\"datePublished\":\"2015-03-04T14:20:58+00:00\",\"dateModified\":\"2019-02-07T10:45:23+00:00\",\"mainEntityOfPage\":{\"@id\":\"https:\/\/www.moebelshop24.de\/blog\/raumgestaltung\/laerm-im-buero-akustik-im-buero-und-es-zu-beachten-gibt.html\"},\"wordCount\":515,\"commentCount\":0,\"publisher\":{\"@id\":\"https:\/\/www.moebelshop24.de\/blog\/#organization\"},\"image\":{\"@id\":\"https:\/\/www.moebelshop24.de\/blog\/raumgestaltung\/laerm-im-buero-akustik-im-buero-und-es-zu-beachten-gibt.html#primaryimage\"},\"thumbnailUrl\":\"https:\/\/www.moebelshop24.de\/blog\/wp-content\/uploads\/2015\/02\/buero-laerm.jpg\",\"articleSection\":[\"Raumgestaltung\"],\"inLanguage\":\"de\",\"potentialAction\":[{\"@type\":\"CommentAction\",\"name\":\"Comment\",\"target\":[\"https:\/\/www.moebelshop24.de\/blog\/raumgestaltung\/laerm-im-buero-akustik-im-buero-und-es-zu-beachten-gibt.html#respond\"]}]},{\"@type\":\"WebPage\",\"@id\":\"https:\/\/www.moebelshop24.de\/blog\/raumgestaltung\/laerm-im-buero-akustik-im-buero-und-es-zu-beachten-gibt.html\",\"url\":\"https:\/\/www.moebelshop24.de\/blog\/raumgestaltung\/laerm-im-buero-akustik-im-buero-und-es-zu-beachten-gibt.html\",\"name\":\"L\u00e4rm im B\u00fcro: Akustik im B\u00fcro und was es zu beachten gibt\",\"isPartOf\":{\"@id\":\"https:\/\/www.moebelshop24.de\/blog\/#website\"},\"primaryImageOfPage\":{\"@id\":\"https:\/\/www.moebelshop24.de\/blog\/raumgestaltung\/laerm-im-buero-akustik-im-buero-und-es-zu-beachten-gibt.html#primaryimage\"},\"image\":{\"@id\":\"https:\/\/www.moebelshop24.de\/blog\/raumgestaltung\/laerm-im-buero-akustik-im-buero-und-es-zu-beachten-gibt.html#primaryimage\"},\"thumbnailUrl\":\"https:\/\/www.moebelshop24.de\/blog\/wp-content\/uploads\/2015\/02\/buero-laerm.jpg\",\"datePublished\":\"2015-03-04T14:20:58+00:00\",\"dateModified\":\"2019-02-07T10:45:23+00:00\",\"description\":\"L\u00e4rm im B\u00fcro kann die Leistungsqualit\u00e4t mindern und die Konzentration schw\u00e4chen. Was Sie f\u00fcr eine gute Akustik im B\u00fcro zu k\u00f6nnen, erfahren Sie im Weiteren.\",\"breadcrumb\":{\"@id\":\"https:\/\/www.moebelshop24.de\/blog\/raumgestaltung\/laerm-im-buero-akustik-im-buero-und-es-zu-beachten-gibt.html#breadcrumb\"},\"inLanguage\":\"de\",\"potentialAction\":[{\"@type\":\"ReadAction\",\"target\":[\"https:\/\/www.moebelshop24.de\/blog\/raumgestaltung\/laerm-im-buero-akustik-im-buero-und-es-zu-beachten-gibt.html\"]}]},{\"@type\":\"ImageObject\",\"inLanguage\":\"de\",\"@id\":\"https:\/\/www.moebelshop24.de\/blog\/raumgestaltung\/laerm-im-buero-akustik-im-buero-und-es-zu-beachten-gibt.html#primaryimage\",\"url\":\"https:\/\/www.moebelshop24.de\/blog\/wp-content\/uploads\/2015\/02\/buero-laerm.jpg\",\"contentUrl\":\"https:\/\/www.moebelshop24.de\/blog\/wp-content\/uploads\/2015\/02\/buero-laerm.jpg\",\"width\":500,\"height\":390,\"caption\":\"L\u00e4rm im B\u00fcro kann zu einer gro\u00dfen Belastung werden\"},{\"@type\":\"BreadcrumbList\",\"@id\":\"https:\/\/www.moebelshop24.de\/blog\/raumgestaltung\/laerm-im-buero-akustik-im-buero-und-es-zu-beachten-gibt.html#breadcrumb\",\"itemListElement\":[{\"@type\":\"ListItem\",\"position\":1,\"name\":\"Blog\",\"item\":\"https:\/\/www.moebelshop24.de\/blog\/\"},{\"@type\":\"ListItem\",\"position\":2,\"name\":\"Raumgestaltung\",\"item\":\"https:\/\/www.moebelshop24.de\/blog\/raumgestaltung\"},{\"@type\":\"ListItem\",\"position\":3,\"name\":\"L\u00e4rm im B\u00fcro: Akustik im B\u00fcro und was es zu beachten gibt\"}]},{\"@type\":\"WebSite\",\"@id\":\"https:\/\/www.moebelshop24.de\/blog\/#website\",\"url\":\"https:\/\/www.moebelshop24.de\/blog\/\",\"name\":\"Ratgeber f\u00fcr B\u00fcrom\u00f6bel und B\u00fcroeinrichtung\",\"description\":\"Wissenswertes und Unterhaltsames rund um den ganz normalen B\u00fcrowahnsinn, effektive B\u00fcroarbeit und Tipps f\u00fcr die B\u00fcroeinrichtung.\",\"publisher\":{\"@id\":\"https:\/\/www.moebelshop24.de\/blog\/#organization\"},\"potentialAction\":[{\"@type\":\"SearchAction\",\"target\":{\"@type\":\"EntryPoint\",\"urlTemplate\":\"https:\/\/www.moebelshop24.de\/blog\/?s={search_term_string}\"},\"query-input\":{\"@type\":\"PropertyValueSpecification\",\"valueRequired\":true,\"valueName\":\"search_term_string\"}}],\"inLanguage\":\"de\"},{\"@type\":\"Organization\",\"@id\":\"https:\/\/www.moebelshop24.de\/blog\/#organization\",\"name\":\"Moebelshop24 GmbH & Co.KG\",\"url\":\"https:\/\/www.moebelshop24.de\/blog\/\",\"logo\":{\"@type\":\"ImageObject\",\"inLanguage\":\"de\",\"@id\":\"https:\/\/www.moebelshop24.de\/blog\/#\/schema\/logo\/image\/\",\"url\":\"https:\/\/www.moebelshop24.de\/blog\/wp-content\/uploads\/2016\/02\/logo-moebelshop-242-136.png\",\"contentUrl\":\"https:\/\/www.moebelshop24.de\/blog\/wp-content\/uploads\/2016\/02\/logo-moebelshop-242-136.png\",\"width\":242,\"height\":136,\"caption\":\"Moebelshop24 GmbH & Co.KG\"},\"image\":{\"@id\":\"https:\/\/www.moebelshop24.de\/blog\/#\/schema\/logo\/image\/\"}},{\"@type\":\"Person\",\"@id\":\"https:\/\/www.moebelshop24.de\/blog\/#\/schema\/person\/4546c67d186b13545fbe8b6bf68bcfa0\",\"name\":\"admin\"}]}<\/script>\n<!-- \/ Yoast SEO plugin. -->","yoast_head_json":{"title":"L\u00e4rm im B\u00fcro: Akustik im B\u00fcro und was es zu beachten gibt","description":"L\u00e4rm im B\u00fcro kann die Leistungsqualit\u00e4t mindern und die Konzentration schw\u00e4chen. Was Sie f\u00fcr eine gute Akustik im B\u00fcro zu k\u00f6nnen, erfahren Sie im Weiteren.","robots":{"index":"index","follow":"follow","max-snippet":"max-snippet:-1","max-image-preview":"max-image-preview:large","max-video-preview":"max-video-preview:-1"},"canonical":"https:\/\/www.moebelshop24.de\/blog\/raumgestaltung\/laerm-im-buero-akustik-im-buero-und-es-zu-beachten-gibt.html","og_locale":"de_DE","og_type":"article","og_title":"L\u00e4rm im B\u00fcro: Akustik im B\u00fcro und was es zu beachten gibt","og_description":"L\u00e4rm im B\u00fcro kann die Leistungsqualit\u00e4t mindern und die Konzentration schw\u00e4chen. Was Sie f\u00fcr eine gute Akustik im B\u00fcro zu k\u00f6nnen, erfahren Sie im Weiteren.","og_url":"https:\/\/www.moebelshop24.de\/blog\/raumgestaltung\/laerm-im-buero-akustik-im-buero-und-es-zu-beachten-gibt.html","og_site_name":"Ratgeber f\u00fcr B\u00fcrom\u00f6bel und B\u00fcroeinrichtung","article_published_time":"2015-03-04T14:20:58+00:00","article_modified_time":"2019-02-07T10:45:23+00:00","og_image":[{"width":500,"height":390,"url":"https:\/\/www.moebelshop24.de\/blog\/wp-content\/uploads\/2015\/02\/buero-laerm.jpg","type":"image\/jpeg"}],"author":"admin","twitter_misc":{"Verfasst von":"admin","Gesch\u00e4tzte Lesezeit":"3\u00a0Minuten"},"schema":{"@context":"https:\/\/schema.org","@graph":[{"@type":"Article","@id":"https:\/\/www.moebelshop24.de\/blog\/raumgestaltung\/laerm-im-buero-akustik-im-buero-und-es-zu-beachten-gibt.html#article","isPartOf":{"@id":"https:\/\/www.moebelshop24.de\/blog\/raumgestaltung\/laerm-im-buero-akustik-im-buero-und-es-zu-beachten-gibt.html"},"author":{"name":"admin","@id":"https:\/\/www.moebelshop24.de\/blog\/#\/schema\/person\/4546c67d186b13545fbe8b6bf68bcfa0"},"headline":"L\u00e4rm im B\u00fcro: Akustik im B\u00fcro und was es zu beachten gibt","datePublished":"2015-03-04T14:20:58+00:00","dateModified":"2019-02-07T10:45:23+00:00","mainEntityOfPage":{"@id":"https:\/\/www.moebelshop24.de\/blog\/raumgestaltung\/laerm-im-buero-akustik-im-buero-und-es-zu-beachten-gibt.html"},"wordCount":515,"commentCount":0,"publisher":{"@id":"https:\/\/www.moebelshop24.de\/blog\/#organization"},"image":{"@id":"https:\/\/www.moebelshop24.de\/blog\/raumgestaltung\/laerm-im-buero-akustik-im-buero-und-es-zu-beachten-gibt.html#primaryimage"},"thumbnailUrl":"https:\/\/www.moebelshop24.de\/blog\/wp-content\/uploads\/2015\/02\/buero-laerm.jpg","articleSection":["Raumgestaltung"],"inLanguage":"de","potentialAction":[{"@type":"CommentAction","name":"Comment","target":["https:\/\/www.moebelshop24.de\/blog\/raumgestaltung\/laerm-im-buero-akustik-im-buero-und-es-zu-beachten-gibt.html#respond"]}]},{"@type":"WebPage","@id":"https:\/\/www.moebelshop24.de\/blog\/raumgestaltung\/laerm-im-buero-akustik-im-buero-und-es-zu-beachten-gibt.html","url":"https:\/\/www.moebelshop24.de\/blog\/raumgestaltung\/laerm-im-buero-akustik-im-buero-und-es-zu-beachten-gibt.html","name":"L\u00e4rm im B\u00fcro: Akustik im B\u00fcro und was es zu beachten gibt","isPartOf":{"@id":"https:\/\/www.moebelshop24.de\/blog\/#website"},"primaryImageOfPage":{"@id":"https:\/\/www.moebelshop24.de\/blog\/raumgestaltung\/laerm-im-buero-akustik-im-buero-und-es-zu-beachten-gibt.html#primaryimage"},"image":{"@id":"https:\/\/www.moebelshop24.de\/blog\/raumgestaltung\/laerm-im-buero-akustik-im-buero-und-es-zu-beachten-gibt.html#primaryimage"},"thumbnailUrl":"https:\/\/www.moebelshop24.de\/blog\/wp-content\/uploads\/2015\/02\/buero-laerm.jpg","datePublished":"2015-03-04T14:20:58+00:00","dateModified":"2019-02-07T10:45:23+00:00","description":"L\u00e4rm im B\u00fcro kann die Leistungsqualit\u00e4t mindern und die Konzentration schw\u00e4chen. Was Sie f\u00fcr eine gute Akustik im B\u00fcro zu k\u00f6nnen, erfahren Sie im Weiteren.","breadcrumb":{"@id":"https:\/\/www.moebelshop24.de\/blog\/raumgestaltung\/laerm-im-buero-akustik-im-buero-und-es-zu-beachten-gibt.html#breadcrumb"},"inLanguage":"de","potentialAction":[{"@type":"ReadAction","target":["https:\/\/www.moebelshop24.de\/blog\/raumgestaltung\/laerm-im-buero-akustik-im-buero-und-es-zu-beachten-gibt.html"]}]},{"@type":"ImageObject","inLanguage":"de","@id":"https:\/\/www.moebelshop24.de\/blog\/raumgestaltung\/laerm-im-buero-akustik-im-buero-und-es-zu-beachten-gibt.html#primaryimage","url":"https:\/\/www.moebelshop24.de\/blog\/wp-content\/uploads\/2015\/02\/buero-laerm.jpg","contentUrl":"https:\/\/www.moebelshop24.de\/blog\/wp-content\/uploads\/2015\/02\/buero-laerm.jpg","width":500,"height":390,"caption":"L\u00e4rm im B\u00fcro kann zu einer gro\u00dfen Belastung werden"},{"@type":"BreadcrumbList","@id":"https:\/\/www.moebelshop24.de\/blog\/raumgestaltung\/laerm-im-buero-akustik-im-buero-und-es-zu-beachten-gibt.html#breadcrumb","itemListElement":[{"@type":"ListItem","position":1,"name":"Blog","item":"https:\/\/www.moebelshop24.de\/blog\/"},{"@type":"ListItem","position":2,"name":"Raumgestaltung","item":"https:\/\/www.moebelshop24.de\/blog\/raumgestaltung"},{"@type":"ListItem","position":3,"name":"L\u00e4rm im B\u00fcro: Akustik im B\u00fcro und was es zu beachten gibt"}]},{"@type":"WebSite","@id":"https:\/\/www.moebelshop24.de\/blog\/#website","url":"https:\/\/www.moebelshop24.de\/blog\/","name":"Ratgeber f\u00fcr B\u00fcrom\u00f6bel und B\u00fcroeinrichtung","description":"Wissenswertes und Unterhaltsames rund um den ganz normalen B\u00fcrowahnsinn, effektive B\u00fcroarbeit und Tipps f\u00fcr die B\u00fcroeinrichtung.","publisher":{"@id":"https:\/\/www.moebelshop24.de\/blog\/#organization"},"potentialAction":[{"@type":"SearchAction","target":{"@type":"EntryPoint","urlTemplate":"https:\/\/www.moebelshop24.de\/blog\/?s={search_term_string}"},"query-input":{"@type":"PropertyValueSpecification","valueRequired":true,"valueName":"search_term_string"}}],"inLanguage":"de"},{"@type":"Organization","@id":"https:\/\/www.moebelshop24.de\/blog\/#organization","name":"Moebelshop24 GmbH & Co.KG","url":"https:\/\/www.moebelshop24.de\/blog\/","logo":{"@type":"ImageObject","inLanguage":"de","@id":"https:\/\/www.moebelshop24.de\/blog\/#\/schema\/logo\/image\/","url":"https:\/\/www.moebelshop24.de\/blog\/wp-content\/uploads\/2016\/02\/logo-moebelshop-242-136.png","contentUrl":"https:\/\/www.moebelshop24.de\/blog\/wp-content\/uploads\/2016\/02\/logo-moebelshop-242-136.png","width":242,"height":136,"caption":"Moebelshop24 GmbH & Co.KG"},"image":{"@id":"https:\/\/www.moebelshop24.de\/blog\/#\/schema\/logo\/image\/"}},{"@type":"Person","@id":"https:\/\/www.moebelshop24.de\/blog\/#\/schema\/person\/4546c67d186b13545fbe8b6bf68bcfa0","name":"admin"}]}},"_links":{"self":[{"href":"https:\/\/www.moebelshop24.de\/blog\/wp-json\/wp\/v2\/posts\/1539","targetHints":{"allow":["GET"]}}],"collection":[{"href":"https:\/\/www.moebelshop24.de\/blog\/wp-json\/wp\/v2\/posts"}],"about":[{"href":"https:\/\/www.moebelshop24.de\/blog\/wp-json\/wp\/v2\/types\/post"}],"author":[{"embeddable":true,"href":"https:\/\/www.moebelshop24.de\/blog\/wp-json\/wp\/v2\/users\/1"}],"replies":[{"embeddable":true,"href":"https:\/\/www.moebelshop24.de\/blog\/wp-json\/wp\/v2\/comments?post=1539"}],"version-history":[{"count":6,"href":"https:\/\/www.moebelshop24.de\/blog\/wp-json\/wp\/v2\/posts\/1539\/revisions"}],"predecessor-version":[{"id":3863,"href":"https:\/\/www.moebelshop24.de\/blog\/wp-json\/wp\/v2\/posts\/1539\/revisions\/3863"}],"wp:featuredmedia":[{"embeddable":true,"href":"https:\/\/www.moebelshop24.de\/blog\/wp-json\/wp\/v2\/media\/1540"}],"wp:attachment":[{"href":"https:\/\/www.moebelshop24.de\/blog\/wp-json\/wp\/v2\/media?parent=1539"}],"wp:term":[{"taxonomy":"category","embeddable":true,"href":"https:\/\/www.moebelshop24.de\/blog\/wp-json\/wp\/v2\/categories?post=1539"},{"taxonomy":"post_tag","embeddable":true,"href":"https:\/\/www.moebelshop24.de\/blog\/wp-json\/wp\/v2\/tags?post=1539"}],"curies":[{"name":"wp","href":"https:\/\/api.w.org\/{rel}","templated":true}]}}